{"name":"Le r\u00e9emploi solidaire en \u00cele-de-France","short_name":"Le r\u00e9emploi.","lang":"fr","start_url":"\/appli#\/carte\/autour-de-moi","display":"standalone","theme_color":"#e85343","background_color":"#f7f4ed","icons":[{"src":"https:\/\/reemploi-idf.gogocarto.fr\/uploads\/reemploi-idf\/images\/config\/logoreferpastille-512x512.png","sizes":"512x512","mime":"image\/png"}]}